{"@context":"https:\/\/schema.org\/","@type":"CollectionPage","@id":"https:\/\/www.iptw.cz\/dum-a-byt\/#CollectionPage","headline":"D\u016fm a byt Category","description":"","url":"https:\/\/www.iptw.cz\/dum-a-byt\/","hasPart":[{"@type":"Article","@id":"https:\/\/www.iptw.cz\/obleknete-dum-do-cihel\/","headline":"Obl\u00e9kn\u011bte d\u016fm do cihel","url":"https:\/\/www.iptw.cz\/obleknete-dum-do-cihel\/","datePublished":"2025-02-26","dateModified":"2023-04-28","mainEntityOfPage":"https:\/\/www.iptw.cz\/obleknete-dum-do-cihel\/","author":{"@type":"Person","@id":"https:\/\/www.iptw.cz\/author\/#Person","name":"iptw.cz\n","url":"https:\/\/www.iptw.cz\/author\/","identifier":1,"image":{"@type":"ImageObject","@id":"https:\/\/secure.gravatar.com\/avatar\/25a824e14ead2d36aba24b918221841350fb41cea98048e9b1929df8c4bf4bd8?s=96&d=mm&r=g","url":"https:\/\/secure.gravatar.com\/avatar\/25a824e14ead2d36aba24b918221841350fb41cea98048e9b1929df8c4bf4bd8?s=96&d=mm&r=g","height":96,"width":96}},"publisher":{"@type":"Organization","name":"iptw.cz","logo":{"@type":"ImageObject","@id":"\/logo.png","url":"\/logo.png","width":600,"height":60}},"image":{"@type":"ImageObject","@id":"https:\/\/www.iptw.cz\/wp-content\/uploads\/img_a289059_w1953_t1500453177.jpg","url":"https:\/\/www.iptw.cz\/wp-content\/uploads\/img_a289059_w1953_t1500453177.jpg","height":0,"width":0},"keywords":null},{"@type":"Article","@id":"https:\/\/www.iptw.cz\/decking-neboli-pokladka-drevenych-teras\/","headline":"Decking, neboli pokl\u00e1dka d\u0159ev\u011bn\u00fdch teras","url":"https:\/\/www.iptw.cz\/decking-neboli-pokladka-drevenych-teras\/","datePublished":"2025-02-24","dateModified":"2023-04-28","mainEntityOfPage":"https:\/\/www.iptw.cz\/decking-neboli-pokladka-drevenych-teras\/","author":{"@type":"Person","@id":"https:\/\/www.iptw.cz\/author\/#Person","name":"iptw.cz\n","url":"https:\/\/www.iptw.cz\/author\/","identifier":1,"image":{"@type":"ImageObject","@id":"https:\/\/secure.gravatar.com\/avatar\/25a824e14ead2d36aba24b918221841350fb41cea98048e9b1929df8c4bf4bd8?s=96&d=mm&r=g","url":"https:\/\/secure.gravatar.com\/avatar\/25a824e14ead2d36aba24b918221841350fb41cea98048e9b1929df8c4bf4bd8?s=96&d=mm&r=g","height":96,"width":96}},"publisher":{"@type":"Organization","name":"iptw.cz","logo":{"@type":"ImageObject","@id":"\/logo.png","url":"\/logo.png","width":600,"height":60}},"image":{"@type":"ImageObject","@id":"https:\/\/www.iptw.cz\/wp-content\/uploads\/img_a292314_w1953_t1504709967.jpg","url":"https:\/\/www.iptw.cz\/wp-content\/uploads\/img_a292314_w1953_t1504709967.jpg","height":0,"width":0},"keywords":null},{"@type":"Article","@id":"https:\/\/www.iptw.cz\/setrny-uklid\/","headline":"\u0160etrn\u00fd \u00faklid","url":"https:\/\/www.iptw.cz\/setrny-uklid\/","datePublished":"2025-02-23","dateModified":"2023-04-28","mainEntityOfPage":"https:\/\/www.iptw.cz\/setrny-uklid\/","author":{"@type":"Person","@id":"https:\/\/www.iptw.cz\/author\/#Person","name":"iptw.cz\n","url":"https:\/\/www.iptw.cz\/author\/","identifier":1,"image":{"@type":"ImageObject","@id":"https:\/\/secure.gravatar.com\/avatar\/25a824e14ead2d36aba24b918221841350fb41cea98048e9b1929df8c4bf4bd8?s=96&d=mm&r=g","url":"https:\/\/secure.gravatar.com\/avatar\/25a824e14ead2d36aba24b918221841350fb41cea98048e9b1929df8c4bf4bd8?s=96&d=mm&r=g","height":96,"width":96}},"publisher":{"@type":"Organization","name":"iptw.cz","logo":{"@type":"ImageObject","@id":"\/logo.png","url":"\/logo.png","width":600,"height":60}},"image":{"@type":"ImageObject","@id":"https:\/\/www.iptw.cz\/wp-content\/uploads\/img_a294219_w2020_t1506097556.jpg","url":"https:\/\/www.iptw.cz\/wp-content\/uploads\/img_a294219_w2020_t1506097556.jpg","height":0,"width":0},"keywords":null},{"@type":"Article","@id":"https:\/\/www.iptw.cz\/vybirejte-peclive\/","headline":"Vyb\u00edrejte pe\u010dliv\u011b","url":"https:\/\/www.iptw.cz\/vybirejte-peclive\/","datePublished":"2023-04-28","dateModified":"2023-04-28","mainEntityOfPage":"https:\/\/www.iptw.cz\/vybirejte-peclive\/","author":{"@type":"Person","@id":"https:\/\/www.iptw.cz\/author\/#Person","name":"iptw.cz\n","url":"https:\/\/www.iptw.cz\/author\/","identifier":1,"image":{"@type":"ImageObject","@id":"https:\/\/secure.gravatar.com\/avatar\/25a824e14ead2d36aba24b918221841350fb41cea98048e9b1929df8c4bf4bd8?s=96&d=mm&r=g","url":"https:\/\/secure.gravatar.com\/avatar\/25a824e14ead2d36aba24b918221841350fb41cea98048e9b1929df8c4bf4bd8?s=96&d=mm&r=g","height":96,"width":96}},"publisher":{"@type":"Organization","name":"iptw.cz","logo":{"@type":"ImageObject","@id":"\/logo.png","url":"\/logo.png","width":600,"height":60}},"image":null,"keywords":null},{"@type":"Article","@id":"https:\/\/www.iptw.cz\/zivot-s-vuni-dreva\/","headline":"\u017divot s v\u016fn\u00ed d\u0159eva","url":"https:\/\/www.iptw.cz\/zivot-s-vuni-dreva\/","datePublished":"2019-11-12","dateModified":"2023-04-28","mainEntityOfPage":"https:\/\/www.iptw.cz\/zivot-s-vuni-dreva\/","author":{"@type":"Person","@id":"https:\/\/www.iptw.cz\/author\/#Person","name":"iptw.cz\n","url":"https:\/\/www.iptw.cz\/author\/","identifier":1,"image":{"@type":"ImageObject","@id":"https:\/\/secure.gravatar.com\/avatar\/25a824e14ead2d36aba24b918221841350fb41cea98048e9b1929df8c4bf4bd8?s=96&d=mm&r=g","url":"https:\/\/secure.gravatar.com\/avatar\/25a824e14ead2d36aba24b918221841350fb41cea98048e9b1929df8c4bf4bd8?s=96&d=mm&r=g","height":96,"width":96}},"publisher":{"@type":"Organization","name":"iptw.cz","logo":{"@type":"ImageObject","@id":"\/logo.png","url":"\/logo.png","width":600,"height":60}},"image":{"@type":"ImageObject","@id":"https:\/\/www.iptw.cz\/wp-content\/uploads\/img_a366661_w1953_t1579349585.jpg","url":"https:\/\/www.iptw.cz\/wp-content\/uploads\/img_a366661_w1953_t1579349585.jpg","height":0,"width":0},"keywords":null},{"@type":"Article","@id":"https:\/\/www.iptw.cz\/nechte-to-na-jinych\/","headline":"Nechte to na jin\u00fdch","url":"https:\/\/www.iptw.cz\/nechte-to-na-jinych\/","datePublished":"2019-10-05","dateModified":"2023-04-28","mainEntityOfPage":"https:\/\/www.iptw.cz\/nechte-to-na-jinych\/","author":{"@type":"Person","@id":"https:\/\/www.iptw.cz\/author\/#Person","name":"iptw.cz\n","url":"https:\/\/www.iptw.cz\/author\/","identifier":1,"image":{"@type":"ImageObject","@id":"https:\/\/secure.gravatar.com\/avatar\/25a824e14ead2d36aba24b918221841350fb41cea98048e9b1929df8c4bf4bd8?s=96&d=mm&r=g","url":"https:\/\/secure.gravatar.com\/avatar\/25a824e14ead2d36aba24b918221841350fb41cea98048e9b1929df8c4bf4bd8?s=96&d=mm&r=g","height":96,"width":96}},"publisher":{"@type":"Organization","name":"iptw.cz","logo":{"@type":"ImageObject","@id":"\/logo.png","url":"\/logo.png","width":600,"height":60}},"image":{"@type":"ImageObject","@id":"https:\/\/www.iptw.cz\/wp-content\/uploads\/img_a365066_w1953_t1578161460.jpg","url":"https:\/\/www.iptw.cz\/wp-content\/uploads\/img_a365066_w1953_t1578161460.jpg","height":0,"width":0},"keywords":null},{"@type":"Article","@id":"https:\/\/www.iptw.cz\/i-vy-muzete-bydlet-ve-vlastnim\/","headline":"I vy m\u016f\u017eete bydlet ve vlastn\u00edm!","url":"https:\/\/www.iptw.cz\/i-vy-muzete-bydlet-ve-vlastnim\/","datePublished":"2019-09-26","dateModified":"2023-04-28","mainEntityOfPage":"https:\/\/www.iptw.cz\/i-vy-muzete-bydlet-ve-vlastnim\/","author":{"@type":"Person","@id":"https:\/\/www.iptw.cz\/author\/#Person","name":"iptw.cz\n","url":"https:\/\/www.iptw.cz\/author\/","identifier":1,"image":{"@type":"ImageObject","@id":"https:\/\/secure.gravatar.com\/avatar\/25a824e14ead2d36aba24b918221841350fb41cea98048e9b1929df8c4bf4bd8?s=96&d=mm&r=g","url":"https:\/\/secure.gravatar.com\/avatar\/25a824e14ead2d36aba24b918221841350fb41cea98048e9b1929df8c4bf4bd8?s=96&d=mm&r=g","height":96,"width":96}},"publisher":{"@type":"Organization","name":"iptw.cz","logo":{"@type":"ImageObject","@id":"\/logo.png","url":"\/logo.png","width":600,"height":60}},"image":{"@type":"ImageObject","@id":"https:\/\/www.iptw.cz\/wp-content\/uploads\/img_a363167_w1953_t1575981170.jpg","url":"https:\/\/www.iptw.cz\/wp-content\/uploads\/img_a363167_w1953_t1575981170.jpg","height":0,"width":0},"keywords":null},{"@type":"Article","@id":"https:\/\/www.iptw.cz\/vyberte-si-to-prave-schodiste-pro-vas-interier\/","headline":"Vyberte si to prav\u00e9 schodi\u0161t\u011b pro v\u00e1\u0161 interi\u00e9r!","url":"https:\/\/www.iptw.cz\/vyberte-si-to-prave-schodiste-pro-vas-interier\/","datePublished":"2019-08-27","dateModified":"2023-04-28","mainEntityOfPage":"https:\/\/www.iptw.cz\/vyberte-si-to-prave-schodiste-pro-vas-interier\/","author":{"@type":"Person","@id":"https:\/\/www.iptw.cz\/author\/#Person","name":"iptw.cz\n","url":"https:\/\/www.iptw.cz\/author\/","identifier":1,"image":{"@type":"ImageObject","@id":"https:\/\/secure.gravatar.com\/avatar\/25a824e14ead2d36aba24b918221841350fb41cea98048e9b1929df8c4bf4bd8?s=96&d=mm&r=g","url":"https:\/\/secure.gravatar.com\/avatar\/25a824e14ead2d36aba24b918221841350fb41cea98048e9b1929df8c4bf4bd8?s=96&d=mm&r=g","height":96,"width":96}},"publisher":{"@type":"Organization","name":"iptw.cz","logo":{"@type":"ImageObject","@id":"\/logo.png","url":"\/logo.png","width":600,"height":60}},"image":{"@type":"ImageObject","@id":"https:\/\/www.iptw.cz\/wp-content\/uploads\/img_a363641_w1953_t1576397845.jpg","url":"https:\/\/www.iptw.cz\/wp-content\/uploads\/img_a363641_w1953_t1576397845.jpg","height":0,"width":0},"keywords":null}]}