{"@context":"https:\/\/schema.org\/","@type":"CollectionPage","@id":"https:\/\/www.iptw.cz\/elektro\/#CollectionPage","headline":"Elektro Category","description":"","url":"https:\/\/www.iptw.cz\/elektro\/","hasPart":[{"@type":"Article","@id":"https:\/\/www.iptw.cz\/jak-si-vybrat-novy-telefon\/","headline":"Jak si vybrat nov\u00fd telefon?","url":"https:\/\/www.iptw.cz\/jak-si-vybrat-novy-telefon\/","datePublished":"2025-03-01","dateModified":"2023-04-28","mainEntityOfPage":"https:\/\/www.iptw.cz\/jak-si-vybrat-novy-telefon\/","author":{"@type":"Person","@id":"https:\/\/www.iptw.cz\/author\/#Person","name":"iptw.cz\n","url":"https:\/\/www.iptw.cz\/author\/","identifier":1,"image":{"@type":"ImageObject","@id":"https:\/\/secure.gravatar.com\/avatar\/25a824e14ead2d36aba24b918221841350fb41cea98048e9b1929df8c4bf4bd8?s=96&d=mm&r=g","url":"https:\/\/secure.gravatar.com\/avatar\/25a824e14ead2d36aba24b918221841350fb41cea98048e9b1929df8c4bf4bd8?s=96&d=mm&r=g","height":96,"width":96}},"publisher":{"@type":"Organization","name":"iptw.cz","logo":{"@type":"ImageObject","@id":"\/logo.png","url":"\/logo.png","width":600,"height":60}},"image":{"@type":"ImageObject","@id":"https:\/\/www.iptw.cz\/wp-content\/uploads\/img_a303256_w1953_t1513544834.jpg","url":"https:\/\/www.iptw.cz\/wp-content\/uploads\/img_a303256_w1953_t1513544834.jpg","height":0,"width":0},"keywords":null},{"@type":"Article","@id":"https:\/\/www.iptw.cz\/nakup-chytrych-hodinek\/","headline":"N\u00e1kup chytr\u00fdch hodinek","url":"https:\/\/www.iptw.cz\/nakup-chytrych-hodinek\/","datePublished":"2025-03-01","dateModified":"2023-04-28","mainEntityOfPage":"https:\/\/www.iptw.cz\/nakup-chytrych-hodinek\/","author":{"@type":"Person","@id":"https:\/\/www.iptw.cz\/author\/#Person","name":"iptw.cz\n","url":"https:\/\/www.iptw.cz\/author\/","identifier":1,"image":{"@type":"ImageObject","@id":"https:\/\/secure.gravatar.com\/avatar\/25a824e14ead2d36aba24b918221841350fb41cea98048e9b1929df8c4bf4bd8?s=96&d=mm&r=g","url":"https:\/\/secure.gravatar.com\/avatar\/25a824e14ead2d36aba24b918221841350fb41cea98048e9b1929df8c4bf4bd8?s=96&d=mm&r=g","height":96,"width":96}},"publisher":{"@type":"Organization","name":"iptw.cz","logo":{"@type":"ImageObject","@id":"\/logo.png","url":"\/logo.png","width":600,"height":60}},"image":{"@type":"ImageObject","@id":"https:\/\/www.iptw.cz\/wp-content\/uploads\/img_a303257_w1953_t1513544948.jpg","url":"https:\/\/www.iptw.cz\/wp-content\/uploads\/img_a303257_w1953_t1513544948.jpg","height":0,"width":0},"keywords":null},{"@type":"Article","@id":"https:\/\/www.iptw.cz\/elektrokolo\/","headline":"Elektrokolo","url":"https:\/\/www.iptw.cz\/elektrokolo\/","datePublished":"2025-02-24","dateModified":"2023-04-28","mainEntityOfPage":"https:\/\/www.iptw.cz\/elektrokolo\/","author":{"@type":"Person","@id":"https:\/\/www.iptw.cz\/author\/#Person","name":"iptw.cz\n","url":"https:\/\/www.iptw.cz\/author\/","identifier":1,"image":{"@type":"ImageObject","@id":"https:\/\/secure.gravatar.com\/avatar\/25a824e14ead2d36aba24b918221841350fb41cea98048e9b1929df8c4bf4bd8?s=96&d=mm&r=g","url":"https:\/\/secure.gravatar.com\/avatar\/25a824e14ead2d36aba24b918221841350fb41cea98048e9b1929df8c4bf4bd8?s=96&d=mm&r=g","height":96,"width":96}},"publisher":{"@type":"Organization","name":"iptw.cz","logo":{"@type":"ImageObject","@id":"\/logo.png","url":"\/logo.png","width":600,"height":60}},"image":{"@type":"ImageObject","@id":"https:\/\/www.iptw.cz\/wp-content\/uploads\/img_a309780_w1953_t1520840431.jpg","url":"https:\/\/www.iptw.cz\/wp-content\/uploads\/img_a309780_w1953_t1520840431.jpg","height":0,"width":0},"keywords":null},{"@type":"Article","@id":"https:\/\/www.iptw.cz\/elektronicke-zamykani-dveri-chytrym-zamkem-je-jiz-bezne-dostupne\/","headline":"Elektronick\u00e9 zamyk\u00e1n\u00ed dve\u0159\u00ed chytr\u00fdm z\u00e1mkem je ji\u017e b\u011b\u017en\u011b dostupn\u00e9","url":"https:\/\/www.iptw.cz\/elektronicke-zamykani-dveri-chytrym-zamkem-je-jiz-bezne-dostupne\/","datePublished":"2025-02-24","dateModified":"2023-04-28","mainEntityOfPage":"https:\/\/www.iptw.cz\/elektronicke-zamykani-dveri-chytrym-zamkem-je-jiz-bezne-dostupne\/","author":{"@type":"Person","@id":"https:\/\/www.iptw.cz\/author\/#Person","name":"iptw.cz\n","url":"https:\/\/www.iptw.cz\/author\/","identifier":1,"image":{"@type":"ImageObject","@id":"https:\/\/secure.gravatar.com\/avatar\/25a824e14ead2d36aba24b918221841350fb41cea98048e9b1929df8c4bf4bd8?s=96&d=mm&r=g","url":"https:\/\/secure.gravatar.com\/avatar\/25a824e14ead2d36aba24b918221841350fb41cea98048e9b1929df8c4bf4bd8?s=96&d=mm&r=g","height":96,"width":96}},"publisher":{"@type":"Organization","name":"iptw.cz","logo":{"@type":"ImageObject","@id":"\/logo.png","url":"\/logo.png","width":600,"height":60}},"image":{"@type":"ImageObject","@id":"https:\/\/www.iptw.cz\/wp-content\/uploads\/img_a310554_w1953_t1521495873.jpg","url":"https:\/\/www.iptw.cz\/wp-content\/uploads\/img_a310554_w1953_t1521495873.jpg","height":0,"width":0},"keywords":null},{"@type":"Article","@id":"https:\/\/www.iptw.cz\/vlastni-pocitacova-sestava\/","headline":"Vlastn\u00ed po\u010d\u00edta\u010dov\u00e1 sestava","url":"https:\/\/www.iptw.cz\/vlastni-pocitacova-sestava\/","datePublished":"2025-02-23","dateModified":"2023-04-28","mainEntityOfPage":"https:\/\/www.iptw.cz\/vlastni-pocitacova-sestava\/","author":{"@type":"Person","@id":"https:\/\/www.iptw.cz\/author\/#Person","name":"iptw.cz\n","url":"https:\/\/www.iptw.cz\/author\/","identifier":1,"image":{"@type":"ImageObject","@id":"https:\/\/secure.gravatar.com\/avatar\/25a824e14ead2d36aba24b918221841350fb41cea98048e9b1929df8c4bf4bd8?s=96&d=mm&r=g","url":"https:\/\/secure.gravatar.com\/avatar\/25a824e14ead2d36aba24b918221841350fb41cea98048e9b1929df8c4bf4bd8?s=96&d=mm&r=g","height":96,"width":96}},"publisher":{"@type":"Organization","name":"iptw.cz","logo":{"@type":"ImageObject","@id":"\/logo.png","url":"\/logo.png","width":600,"height":60}},"image":{"@type":"ImageObject","@id":"https:\/\/www.iptw.cz\/wp-content\/uploads\/img_a303255_w1953_t1513544693.jpg","url":"https:\/\/www.iptw.cz\/wp-content\/uploads\/img_a303255_w1953_t1513544693.jpg","height":0,"width":0},"keywords":null},{"@type":"Article","@id":"https:\/\/www.iptw.cz\/co-delat-kdyz-vam-nejde-elektrina\/","headline":"Co d\u011blat, kdy\u017e V\u00e1m nejde elekt\u0159ina","url":"https:\/\/www.iptw.cz\/co-delat-kdyz-vam-nejde-elektrina\/","datePublished":"2019-06-12","dateModified":"2023-04-28","mainEntityOfPage":"https:\/\/www.iptw.cz\/co-delat-kdyz-vam-nejde-elektrina\/","author":{"@type":"Person","@id":"https:\/\/www.iptw.cz\/author\/#Person","name":"iptw.cz\n","url":"https:\/\/www.iptw.cz\/author\/","identifier":1,"image":{"@type":"ImageObject","@id":"https:\/\/secure.gravatar.com\/avatar\/25a824e14ead2d36aba24b918221841350fb41cea98048e9b1929df8c4bf4bd8?s=96&d=mm&r=g","url":"https:\/\/secure.gravatar.com\/avatar\/25a824e14ead2d36aba24b918221841350fb41cea98048e9b1929df8c4bf4bd8?s=96&d=mm&r=g","height":96,"width":96}},"publisher":{"@type":"Organization","name":"iptw.cz","logo":{"@type":"ImageObject","@id":"\/logo.png","url":"\/logo.png","width":600,"height":60}},"image":{"@type":"ImageObject","@id":"https:\/\/www.iptw.cz\/wp-content\/uploads\/img_a348650_w1953_t1563615668.jpg","url":"https:\/\/www.iptw.cz\/wp-content\/uploads\/img_a348650_w1953_t1563615668.jpg","height":0,"width":0},"keywords":null}]}