[{"@context":"https:\/\/schema.org\/","@type":"Blog","@id":"https:\/\/www.iptw.cz#Blog","headline":"IPTW","description":"\n\u010casto si \u0159\u00edk\u00e1te, \u017ee byste m\u011bli definitivn\u011b n\u011bco zm\u011bnit? Neda\u0159\u00ed se v\u00e1m v obchod\u011b tak, jak byste cht\u011bli? M\u011bli byste m\u00edt dobr\u00e9 PR, kter\u00e9 bude fungovat. My v\u00e1m zaru\u010dujeme \u00fasp\u011bch, tak se n\u00e1m sv\u011b\u0159te do p\u00e9\u010de.","url":"https:\/\/www.iptw.cz","hasPart":[{"@type":"Article","@id":"https:\/\/www.iptw.cz\/menstruacni-kalhotky-jsou-revolucni-vynalez\/","headline":"Menstrua\u010dn\u00ed kalhotky jsou revolu\u010dn\u00ed vyn\u00e1lez","url":"https:\/\/www.iptw.cz\/menstruacni-kalhotky-jsou-revolucni-vynalez\/","datePublished":"2023-11-30","dateModified":"2024-01-03","mainEntityOfPage":"https:\/\/www.iptw.cz\/menstruacni-kalhotky-jsou-revolucni-vynalez\/","author":{"@type":"Person","@id":"https:\/\/www.iptw.cz\/author\/#Person","name":"iptw.cz\n","url":"https:\/\/www.iptw.cz\/author\/","identifier":1,"image":{"@type":"ImageObject","@id":"https:\/\/secure.gravatar.com\/avatar\/25a824e14ead2d36aba24b918221841350fb41cea98048e9b1929df8c4bf4bd8?s=96&d=mm&r=g","url":"https:\/\/secure.gravatar.com\/avatar\/25a824e14ead2d36aba24b918221841350fb41cea98048e9b1929df8c4bf4bd8?s=96&d=mm&r=g","height":96,"width":96}},"publisher":{"@type":"Organization","name":"iptw.cz","logo":{"@type":"ImageObject","@id":"\/logo.png","url":"\/logo.png","width":600,"height":60}},"image":{"@type":"ImageObject","@id":"https:\/\/www.iptw.cz\/wp-content\/uploads\/menstrual-cup-5459190_640.jpg","url":"https:\/\/www.iptw.cz\/wp-content\/uploads\/menstrual-cup-5459190_640.jpg","height":0,"width":0},"wordCount":494,"keywords":null},{"@type":"Article","@id":"https:\/\/www.iptw.cz\/svatebni-oznameni-ktere-rika-navzdy\/","headline":"Svatebn\u00ed ozn\u00e1men\u00ed, kter\u00e9 \u0159\u00edk\u00e1 nav\u017edy","url":"https:\/\/www.iptw.cz\/svatebni-oznameni-ktere-rika-navzdy\/","datePublished":"2023-11-04","dateModified":"2023-11-04","mainEntityOfPage":"https:\/\/www.iptw.cz\/svatebni-oznameni-ktere-rika-navzdy\/","author":{"@type":"Person","@id":"https:\/\/www.iptw.cz\/author\/#Person","name":"iptw.cz\n","url":"https:\/\/www.iptw.cz\/author\/","identifier":1,"image":{"@type":"ImageObject","@id":"https:\/\/secure.gravatar.com\/avatar\/25a824e14ead2d36aba24b918221841350fb41cea98048e9b1929df8c4bf4bd8?s=96&d=mm&r=g","url":"https:\/\/secure.gravatar.com\/avatar\/25a824e14ead2d36aba24b918221841350fb41cea98048e9b1929df8c4bf4bd8?s=96&d=mm&r=g","height":96,"width":96}},"publisher":{"@type":"Organization","name":"iptw.cz","logo":{"@type":"ImageObject","@id":"\/logo.png","url":"\/logo.png","width":600,"height":60}},"image":null,"wordCount":280,"keywords":null},{"@type":"Article","@id":"https:\/\/www.iptw.cz\/co-takhle-slunce\/","headline":"Co takhle slunce?","url":"https:\/\/www.iptw.cz\/co-takhle-slunce\/","datePublished":"2023-11-03","dateModified":"2023-11-03","mainEntityOfPage":"https:\/\/www.iptw.cz\/co-takhle-slunce\/","author":{"@type":"Person","@id":"https:\/\/www.iptw.cz\/author\/#Person","name":"iptw.cz\n","url":"https:\/\/www.iptw.cz\/author\/","identifier":1,"image":{"@type":"ImageObject","@id":"https:\/\/secure.gravatar.com\/avatar\/25a824e14ead2d36aba24b918221841350fb41cea98048e9b1929df8c4bf4bd8?s=96&d=mm&r=g","url":"https:\/\/secure.gravatar.com\/avatar\/25a824e14ead2d36aba24b918221841350fb41cea98048e9b1929df8c4bf4bd8?s=96&d=mm&r=g","height":96,"width":96}},"publisher":{"@type":"Organization","name":"iptw.cz","logo":{"@type":"ImageObject","@id":"\/logo.png","url":"\/logo.png","width":600,"height":60}},"image":{"@type":"ImageObject","@id":"https:\/\/www.iptw.cz\/wp-content\/uploads\/solar-panels-944000_640_3.jpg","url":"https:\/\/www.iptw.cz\/wp-content\/uploads\/solar-panels-944000_640_3.jpg","height":0,"width":0},"wordCount":570,"keywords":null},{"@type":"Article","@id":"https:\/\/www.iptw.cz\/jako-vyjimecna-popelka\/","headline":"Jako v\u00fdjime\u010dn\u00e1 Popelka","url":"https:\/\/www.iptw.cz\/jako-vyjimecna-popelka\/","datePublished":"2023-09-25","dateModified":"2023-09-25","mainEntityOfPage":"https:\/\/www.iptw.cz\/jako-vyjimecna-popelka\/","author":{"@type":"Person","@id":"https:\/\/www.iptw.cz\/author\/#Person","name":"iptw.cz\n","url":"https:\/\/www.iptw.cz\/author\/","identifier":1,"image":{"@type":"ImageObject","@id":"https:\/\/secure.gravatar.com\/avatar\/25a824e14ead2d36aba24b918221841350fb41cea98048e9b1929df8c4bf4bd8?s=96&d=mm&r=g","url":"https:\/\/secure.gravatar.com\/avatar\/25a824e14ead2d36aba24b918221841350fb41cea98048e9b1929df8c4bf4bd8?s=96&d=mm&r=g","height":96,"width":96}},"publisher":{"@type":"Organization","name":"iptw.cz","logo":{"@type":"ImageObject","@id":"\/logo.png","url":"\/logo.png","width":600,"height":60}},"image":null,"wordCount":291,"keywords":null},{"@type":"Article","@id":"https:\/\/www.iptw.cz\/plastove-bedynky\/","headline":"Plastov\u00e9 bed\u00fdnky","url":"https:\/\/www.iptw.cz\/plastove-bedynky\/","datePublished":"2023-09-20","dateModified":"2023-10-23","mainEntityOfPage":"https:\/\/www.iptw.cz\/plastove-bedynky\/","author":{"@type":"Person","@id":"https:\/\/www.iptw.cz\/author\/#Person","name":"iptw.cz\n","url":"https:\/\/www.iptw.cz\/author\/","identifier":1,"image":{"@type":"ImageObject","@id":"https:\/\/secure.gravatar.com\/avatar\/25a824e14ead2d36aba24b918221841350fb41cea98048e9b1929df8c4bf4bd8?s=96&d=mm&r=g","url":"https:\/\/secure.gravatar.com\/avatar\/25a824e14ead2d36aba24b918221841350fb41cea98048e9b1929df8c4bf4bd8?s=96&d=mm&r=g","height":96,"width":96}},"publisher":{"@type":"Organization","name":"iptw.cz","logo":{"@type":"ImageObject","@id":"\/logo.png","url":"\/logo.png","width":600,"height":60}},"image":{"@type":"ImageObject","@id":"https:\/\/www.iptw.cz\/wp-content\/uploads\/apple-620279_1280.jpg","url":"https:\/\/www.iptw.cz\/wp-content\/uploads\/apple-620279_1280.jpg","height":0,"width":0},"wordCount":548,"keywords":null},{"@type":"Article","@id":"https:\/\/www.iptw.cz\/modry-lek\/","headline":"Modr\u00fd l\u00e9k","url":"https:\/\/www.iptw.cz\/modry-lek\/","datePublished":"2023-08-27","dateModified":"2024-05-28","mainEntityOfPage":"https:\/\/www.iptw.cz\/modry-lek\/","author":{"@type":"Person","@id":"https:\/\/www.iptw.cz\/author\/#Person","name":"iptw.cz\n","url":"https:\/\/www.iptw.cz\/author\/","identifier":1,"image":{"@type":"ImageObject","@id":"https:\/\/secure.gravatar.com\/avatar\/25a824e14ead2d36aba24b918221841350fb41cea98048e9b1929df8c4bf4bd8?s=96&d=mm&r=g","url":"https:\/\/secure.gravatar.com\/avatar\/25a824e14ead2d36aba24b918221841350fb41cea98048e9b1929df8c4bf4bd8?s=96&d=mm&r=g","height":96,"width":96}},"publisher":{"@type":"Organization","name":"iptw.cz","logo":{"@type":"ImageObject","@id":"\/logo.png","url":"\/logo.png","width":600,"height":60}},"image":{"@type":"ImageObject","@id":"https:\/\/www.iptw.cz\/wp-content\/uploads\/gloves-5073717_1280_1.jpg","url":"https:\/\/www.iptw.cz\/wp-content\/uploads\/gloves-5073717_1280_1.jpg","height":0,"width":0},"wordCount":533,"keywords":null},{"@type":"Article","@id":"https:\/\/www.iptw.cz\/netradicni-vzhled\/","headline":"Netradi\u010dn\u00ed vzhled","url":"https:\/\/www.iptw.cz\/netradicni-vzhled\/","datePublished":"2023-08-20","dateModified":"2023-08-20","mainEntityOfPage":"https:\/\/www.iptw.cz\/netradicni-vzhled\/","author":{"@type":"Person","@id":"https:\/\/www.iptw.cz\/author\/#Person","name":"iptw.cz\n","url":"https:\/\/www.iptw.cz\/author\/","identifier":1,"image":{"@type":"ImageObject","@id":"https:\/\/secure.gravatar.com\/avatar\/25a824e14ead2d36aba24b918221841350fb41cea98048e9b1929df8c4bf4bd8?s=96&d=mm&r=g","url":"https:\/\/secure.gravatar.com\/avatar\/25a824e14ead2d36aba24b918221841350fb41cea98048e9b1929df8c4bf4bd8?s=96&d=mm&r=g","height":96,"width":96}},"publisher":{"@type":"Organization","name":"iptw.cz","logo":{"@type":"ImageObject","@id":"\/logo.png","url":"\/logo.png","width":600,"height":60}},"image":null,"wordCount":263,"keywords":null},{"@type":"Article","@id":"https:\/\/www.iptw.cz\/specializovany-e-shop-s-nabidkou-damskeho-sortimentu-je-tu\/","headline":"Specializovan\u00fd e- shop s nab\u00eddkou d\u00e1msk\u00e9ho sortimentu je tu","url":"https:\/\/www.iptw.cz\/specializovany-e-shop-s-nabidkou-damskeho-sortimentu-je-tu\/","datePublished":"2023-07-13","dateModified":"2023-07-13","mainEntityOfPage":"https:\/\/www.iptw.cz\/specializovany-e-shop-s-nabidkou-damskeho-sortimentu-je-tu\/","author":{"@type":"Person","@id":"https:\/\/www.iptw.cz\/author\/#Person","name":"iptw.cz\n","url":"https:\/\/www.iptw.cz\/author\/","identifier":1,"image":{"@type":"ImageObject","@id":"https:\/\/secure.gravatar.com\/avatar\/25a824e14ead2d36aba24b918221841350fb41cea98048e9b1929df8c4bf4bd8?s=96&d=mm&r=g","url":"https:\/\/secure.gravatar.com\/avatar\/25a824e14ead2d36aba24b918221841350fb41cea98048e9b1929df8c4bf4bd8?s=96&d=mm&r=g","height":96,"width":96}},"publisher":{"@type":"Organization","name":"iptw.cz","logo":{"@type":"ImageObject","@id":"\/logo.png","url":"\/logo.png","width":600,"height":60}},"image":null,"wordCount":278,"keywords":null},{"@type":"Article","@id":"https:\/\/www.iptw.cz\/spolupracujte-s-firmou-revitalstav-a-dostanete-nejvyssi-kvalitu\/","headline":"Spolupracujte s firmou Revitalstav a dostanete nejvy\u0161\u0161\u00ed kvalitu","url":"https:\/\/www.iptw.cz\/spolupracujte-s-firmou-revitalstav-a-dostanete-nejvyssi-kvalitu\/","datePublished":"2023-06-05","dateModified":"2024-06-07","mainEntityOfPage":"https:\/\/www.iptw.cz\/spolupracujte-s-firmou-revitalstav-a-dostanete-nejvyssi-kvalitu\/","author":{"@type":"Person","@id":"https:\/\/www.iptw.cz\/author\/#Person","name":"iptw.cz\n","url":"https:\/\/www.iptw.cz\/author\/","identifier":1,"image":{"@type":"ImageObject","@id":"https:\/\/secure.gravatar.com\/avatar\/25a824e14ead2d36aba24b918221841350fb41cea98048e9b1929df8c4bf4bd8?s=96&d=mm&r=g","url":"https:\/\/secure.gravatar.com\/avatar\/25a824e14ead2d36aba24b918221841350fb41cea98048e9b1929df8c4bf4bd8?s=96&d=mm&r=g","height":96,"width":96}},"publisher":{"@type":"Organization","name":"iptw.cz","logo":{"@type":"ImageObject","@id":"\/logo.png","url":"\/logo.png","width":600,"height":60}},"image":null,"wordCount":284,"keywords":null},{"@type":"Article","@id":"https:\/\/www.iptw.cz\/oslavte-spolu-s-nami-navrat-ztracene-erekce\/","headline":"Oslavte spolu s n\u00e1mi n\u00e1vrat ztracen\u00e9 erekce","url":"https:\/\/www.iptw.cz\/oslavte-spolu-s-nami-navrat-ztracene-erekce\/","datePublished":"2023-05-15","dateModified":"2023-06-19","mainEntityOfPage":"https:\/\/www.iptw.cz\/oslavte-spolu-s-nami-navrat-ztracene-erekce\/","author":{"@type":"Person","@id":"https:\/\/www.iptw.cz\/author\/#Person","name":"iptw.cz\n","url":"https:\/\/www.iptw.cz\/author\/","identifier":1,"image":{"@type":"ImageObject","@id":"https:\/\/secure.gravatar.com\/avatar\/25a824e14ead2d36aba24b918221841350fb41cea98048e9b1929df8c4bf4bd8?s=96&d=mm&r=g","url":"https:\/\/secure.gravatar.com\/avatar\/25a824e14ead2d36aba24b918221841350fb41cea98048e9b1929df8c4bf4bd8?s=96&d=mm&r=g","height":96,"width":96}},"publisher":{"@type":"Organization","name":"iptw.cz","logo":{"@type":"ImageObject","@id":"\/logo.png","url":"\/logo.png","width":600,"height":60}},"image":{"@type":"ImageObject","@id":"https:\/\/www.iptw.cz\/wp-content\/uploads\/tim-gouw-1K9T5YiZ2WU-unsplash.jpg","url":"https:\/\/www.iptw.cz\/wp-content\/uploads\/tim-gouw-1K9T5YiZ2WU-unsplash.jpg","height":0,"width":0},"wordCount":765,"keywords":null}]},{"@context":"https:\/\/schema.org","@type":"WebSite","@id":"https:\/\/www.iptw.cz\/#website","name":"IPTW","url":"https:\/\/www.iptw.cz","potentialAction":{"@type":"SearchAction","target":"https:\/\/www.iptw.cz\/?s={search_term_string}","query-input":"required name=search_term_string"}}]