[{"@context":"https:\/\/schema.org\/","@type":"Blog","@id":"https:\/\/www.iptw.cz#Blog","headline":"IPTW","description":"\n\u010casto si \u0159\u00edk\u00e1te, \u017ee byste m\u011bli definitivn\u011b n\u011bco zm\u011bnit? Neda\u0159\u00ed se v\u00e1m v obchod\u011b tak, jak byste cht\u011bli? M\u011bli byste m\u00edt dobr\u00e9 PR, kter\u00e9 bude fungovat. My v\u00e1m zaru\u010dujeme \u00fasp\u011bch, tak se n\u00e1m sv\u011b\u0159te do p\u00e9\u010de.","url":"https:\/\/www.iptw.cz","hasPart":[{"@type":"Article","@id":"https:\/\/www.iptw.cz\/nektere-reklamy-se-nevyplati\/","headline":"N\u011bkter\u00e9 reklamy se nevyplat\u00ed","url":"https:\/\/www.iptw.cz\/nektere-reklamy-se-nevyplati\/","datePublished":"2025-11-10","dateModified":"2025-11-10","mainEntityOfPage":"https:\/\/www.iptw.cz\/nektere-reklamy-se-nevyplati\/","author":{"@type":"Person","@id":"https:\/\/www.iptw.cz\/author\/#Person","name":"iptw.cz\n","url":"https:\/\/www.iptw.cz\/author\/","identifier":1,"image":{"@type":"ImageObject","@id":"https:\/\/secure.gravatar.com\/avatar\/25a824e14ead2d36aba24b918221841350fb41cea98048e9b1929df8c4bf4bd8?s=96&d=mm&r=g","url":"https:\/\/secure.gravatar.com\/avatar\/25a824e14ead2d36aba24b918221841350fb41cea98048e9b1929df8c4bf4bd8?s=96&d=mm&r=g","height":96,"width":96}},"publisher":{"@type":"Organization","name":"iptw.cz","logo":{"@type":"ImageObject","@id":"\/logo.png","url":"\/logo.png","width":600,"height":60}},"image":{"@type":"ImageObject","@id":"https:\/\/www.iptw.cz\/wp-content\/uploads\/ooooooooooo_3.jpg","url":"https:\/\/www.iptw.cz\/wp-content\/uploads\/ooooooooooo_3.jpg","height":0,"width":0},"wordCount":660,"keywords":null},{"@type":"Article","@id":"https:\/\/www.iptw.cz\/jak-si-uzit-bazen-co-nejlepe-na-prvnim-rande\/","headline":"Jak si u\u017e\u00edt baz\u00e9n co nejl\u00e9pe na prvn\u00edm rande","url":"https:\/\/www.iptw.cz\/jak-si-uzit-bazen-co-nejlepe-na-prvnim-rande\/","datePublished":"2025-11-04","dateModified":"2025-11-04","mainEntityOfPage":"https:\/\/www.iptw.cz\/jak-si-uzit-bazen-co-nejlepe-na-prvnim-rande\/","author":{"@type":"Person","@id":"https:\/\/www.iptw.cz\/author\/#Person","name":"iptw.cz\n","url":"https:\/\/www.iptw.cz\/author\/","identifier":1,"image":{"@type":"ImageObject","@id":"https:\/\/secure.gravatar.com\/avatar\/25a824e14ead2d36aba24b918221841350fb41cea98048e9b1929df8c4bf4bd8?s=96&d=mm&r=g","url":"https:\/\/secure.gravatar.com\/avatar\/25a824e14ead2d36aba24b918221841350fb41cea98048e9b1929df8c4bf4bd8?s=96&d=mm&r=g","height":96,"width":96}},"publisher":{"@type":"Organization","name":"iptw.cz","logo":{"@type":"ImageObject","@id":"\/logo.png","url":"\/logo.png","width":600,"height":60}},"image":{"@type":"ImageObject","@id":"https:\/\/www.iptw.cz\/wp-content\/uploads\/pool-827559_640_4.jpg","url":"https:\/\/www.iptw.cz\/wp-content\/uploads\/pool-827559_640_4.jpg","height":0,"width":0},"wordCount":658,"keywords":null},{"@type":"Article","@id":"https:\/\/www.iptw.cz\/dostupna-a-levna-propagace\/","headline":"Dostupn\u00e1 a levn\u00e1 propagace","url":"https:\/\/www.iptw.cz\/dostupna-a-levna-propagace\/","datePublished":"2025-09-03","dateModified":"2025-09-03","mainEntityOfPage":"https:\/\/www.iptw.cz\/dostupna-a-levna-propagace\/","author":{"@type":"Person","@id":"https:\/\/www.iptw.cz\/author\/#Person","name":"iptw.cz\n","url":"https:\/\/www.iptw.cz\/author\/","identifier":1,"image":{"@type":"ImageObject","@id":"https:\/\/secure.gravatar.com\/avatar\/25a824e14ead2d36aba24b918221841350fb41cea98048e9b1929df8c4bf4bd8?s=96&d=mm&r=g","url":"https:\/\/secure.gravatar.com\/avatar\/25a824e14ead2d36aba24b918221841350fb41cea98048e9b1929df8c4bf4bd8?s=96&d=mm&r=g","height":96,"width":96}},"publisher":{"@type":"Organization","name":"iptw.cz","logo":{"@type":"ImageObject","@id":"\/logo.png","url":"\/logo.png","width":600,"height":60}},"image":null,"wordCount":264,"keywords":null},{"@type":"Article","@id":"https:\/\/www.iptw.cz\/zvolte-si-tento-zpusob-bydleni\/","headline":"Zvolte si tento zp\u016fsob bydlen\u00ed","url":"https:\/\/www.iptw.cz\/zvolte-si-tento-zpusob-bydleni\/","datePublished":"2025-08-28","dateModified":"2025-08-28","mainEntityOfPage":"https:\/\/www.iptw.cz\/zvolte-si-tento-zpusob-bydleni\/","author":{"@type":"Person","@id":"https:\/\/www.iptw.cz\/author\/#Person","name":"iptw.cz\n","url":"https:\/\/www.iptw.cz\/author\/","identifier":1,"image":{"@type":"ImageObject","@id":"https:\/\/secure.gravatar.com\/avatar\/25a824e14ead2d36aba24b918221841350fb41cea98048e9b1929df8c4bf4bd8?s=96&d=mm&r=g","url":"https:\/\/secure.gravatar.com\/avatar\/25a824e14ead2d36aba24b918221841350fb41cea98048e9b1929df8c4bf4bd8?s=96&d=mm&r=g","height":96,"width":96}},"publisher":{"@type":"Organization","name":"iptw.cz","logo":{"@type":"ImageObject","@id":"\/logo.png","url":"\/logo.png","width":600,"height":60}},"image":null,"wordCount":192,"keywords":null},{"@type":"Article","@id":"https:\/\/www.iptw.cz\/novinky-i-stavajici-originalni-druhy\/","headline":"Novinky i st\u00e1vaj\u00edc\u00ed origin\u00e1ln\u00ed druhy","url":"https:\/\/www.iptw.cz\/novinky-i-stavajici-originalni-druhy\/","datePublished":"2025-08-21","dateModified":"2025-08-21","mainEntityOfPage":"https:\/\/www.iptw.cz\/novinky-i-stavajici-originalni-druhy\/","author":{"@type":"Person","@id":"https:\/\/www.iptw.cz\/author\/#Person","name":"iptw.cz\n","url":"https:\/\/www.iptw.cz\/author\/","identifier":1,"image":{"@type":"ImageObject","@id":"https:\/\/secure.gravatar.com\/avatar\/25a824e14ead2d36aba24b918221841350fb41cea98048e9b1929df8c4bf4bd8?s=96&d=mm&r=g","url":"https:\/\/secure.gravatar.com\/avatar\/25a824e14ead2d36aba24b918221841350fb41cea98048e9b1929df8c4bf4bd8?s=96&d=mm&r=g","height":96,"width":96}},"publisher":{"@type":"Organization","name":"iptw.cz","logo":{"@type":"ImageObject","@id":"\/logo.png","url":"\/logo.png","width":600,"height":60}},"image":null,"wordCount":209,"keywords":null},{"@type":"Article","@id":"https:\/\/www.iptw.cz\/kvalitni-sance-pro-kazdeho-ridice\/","headline":"Kvalitn\u00ed \u0161ance pro ka\u017ed\u00e9ho \u0159idi\u010de","url":"https:\/\/www.iptw.cz\/kvalitni-sance-pro-kazdeho-ridice\/","datePublished":"2025-08-13","dateModified":"2025-08-13","mainEntityOfPage":"https:\/\/www.iptw.cz\/kvalitni-sance-pro-kazdeho-ridice\/","author":{"@type":"Person","@id":"https:\/\/www.iptw.cz\/author\/#Person","name":"iptw.cz\n","url":"https:\/\/www.iptw.cz\/author\/","identifier":1,"image":{"@type":"ImageObject","@id":"https:\/\/secure.gravatar.com\/avatar\/25a824e14ead2d36aba24b918221841350fb41cea98048e9b1929df8c4bf4bd8?s=96&d=mm&r=g","url":"https:\/\/secure.gravatar.com\/avatar\/25a824e14ead2d36aba24b918221841350fb41cea98048e9b1929df8c4bf4bd8?s=96&d=mm&r=g","height":96,"width":96}},"publisher":{"@type":"Organization","name":"iptw.cz","logo":{"@type":"ImageObject","@id":"\/logo.png","url":"\/logo.png","width":600,"height":60}},"image":null,"wordCount":273,"keywords":null},{"@type":"Article","@id":"https:\/\/www.iptw.cz\/mena-kterou-si-zamilujete\/","headline":"M\u011bna, kterou si zamilujete","url":"https:\/\/www.iptw.cz\/mena-kterou-si-zamilujete\/","datePublished":"2025-08-08","dateModified":"2025-08-08","mainEntityOfPage":"https:\/\/www.iptw.cz\/mena-kterou-si-zamilujete\/","author":{"@type":"Person","@id":"https:\/\/www.iptw.cz\/author\/#Person","name":"iptw.cz\n","url":"https:\/\/www.iptw.cz\/author\/","identifier":1,"image":{"@type":"ImageObject","@id":"https:\/\/secure.gravatar.com\/avatar\/25a824e14ead2d36aba24b918221841350fb41cea98048e9b1929df8c4bf4bd8?s=96&d=mm&r=g","url":"https:\/\/secure.gravatar.com\/avatar\/25a824e14ead2d36aba24b918221841350fb41cea98048e9b1929df8c4bf4bd8?s=96&d=mm&r=g","height":96,"width":96}},"publisher":{"@type":"Organization","name":"iptw.cz","logo":{"@type":"ImageObject","@id":"\/logo.png","url":"\/logo.png","width":600,"height":60}},"image":null,"wordCount":222,"keywords":null},{"@type":"Article","@id":"https:\/\/www.iptw.cz\/iphone-7-sluchatka\/","headline":"Iphone 7 sluch\u00e1tka","url":"https:\/\/www.iptw.cz\/iphone-7-sluchatka\/","datePublished":"2025-08-06","dateModified":"2025-08-06","mainEntityOfPage":"https:\/\/www.iptw.cz\/iphone-7-sluchatka\/","author":{"@type":"Person","@id":"https:\/\/www.iptw.cz\/author\/#Person","name":"iptw.cz\n","url":"https:\/\/www.iptw.cz\/author\/","identifier":1,"image":{"@type":"ImageObject","@id":"https:\/\/secure.gravatar.com\/avatar\/25a824e14ead2d36aba24b918221841350fb41cea98048e9b1929df8c4bf4bd8?s=96&d=mm&r=g","url":"https:\/\/secure.gravatar.com\/avatar\/25a824e14ead2d36aba24b918221841350fb41cea98048e9b1929df8c4bf4bd8?s=96&d=mm&r=g","height":96,"width":96}},"publisher":{"@type":"Organization","name":"iptw.cz","logo":{"@type":"ImageObject","@id":"\/logo.png","url":"\/logo.png","width":600,"height":60}},"image":{"@type":"ImageObject","@id":"https:\/\/www.iptw.cz\/wp-content\/uploads\/mobil7_10_10.jpg","url":"https:\/\/www.iptw.cz\/wp-content\/uploads\/mobil7_10_10.jpg","height":0,"width":0},"wordCount":542,"keywords":null},{"@type":"Article","@id":"https:\/\/www.iptw.cz\/nerezova-ocel-pro-potravinarsky-prumysl\/","headline":"Nerezov\u00e1 ocel pro potravin\u00e1\u0159sk\u00fd pr\u016fmysl","url":"https:\/\/www.iptw.cz\/nerezova-ocel-pro-potravinarsky-prumysl\/","datePublished":"2025-08-03","dateModified":"2025-08-03","mainEntityOfPage":"https:\/\/www.iptw.cz\/nerezova-ocel-pro-potravinarsky-prumysl\/","author":{"@type":"Person","@id":"https:\/\/www.iptw.cz\/author\/#Person","name":"iptw.cz\n","url":"https:\/\/www.iptw.cz\/author\/","identifier":1,"image":{"@type":"ImageObject","@id":"https:\/\/secure.gravatar.com\/avatar\/25a824e14ead2d36aba24b918221841350fb41cea98048e9b1929df8c4bf4bd8?s=96&d=mm&r=g","url":"https:\/\/secure.gravatar.com\/avatar\/25a824e14ead2d36aba24b918221841350fb41cea98048e9b1929df8c4bf4bd8?s=96&d=mm&r=g","height":96,"width":96}},"publisher":{"@type":"Organization","name":"iptw.cz","logo":{"@type":"ImageObject","@id":"\/logo.png","url":"\/logo.png","width":600,"height":60}},"image":{"@type":"ImageObject","@id":"https:\/\/www.iptw.cz\/wp-content\/uploads\/no-gluten-bread-1905736_640.jpg","url":"https:\/\/www.iptw.cz\/wp-content\/uploads\/no-gluten-bread-1905736_640.jpg","height":0,"width":0},"wordCount":496,"keywords":null},{"@type":"Article","@id":"https:\/\/www.iptw.cz\/informace-z-prvni-ruku\/","headline":"Informace z prvn\u00ed ruku","url":"https:\/\/www.iptw.cz\/informace-z-prvni-ruku\/","datePublished":"2025-08-03","dateModified":"2025-08-03","mainEntityOfPage":"https:\/\/www.iptw.cz\/informace-z-prvni-ruku\/","author":{"@type":"Person","@id":"https:\/\/www.iptw.cz\/author\/#Person","name":"iptw.cz\n","url":"https:\/\/www.iptw.cz\/author\/","identifier":1,"image":{"@type":"ImageObject","@id":"https:\/\/secure.gravatar.com\/avatar\/25a824e14ead2d36aba24b918221841350fb41cea98048e9b1929df8c4bf4bd8?s=96&d=mm&r=g","url":"https:\/\/secure.gravatar.com\/avatar\/25a824e14ead2d36aba24b918221841350fb41cea98048e9b1929df8c4bf4bd8?s=96&d=mm&r=g","height":96,"width":96}},"publisher":{"@type":"Organization","name":"iptw.cz","logo":{"@type":"ImageObject","@id":"\/logo.png","url":"\/logo.png","width":600,"height":60}},"image":null,"wordCount":212,"keywords":null}]},{"@context":"https:\/\/schema.org","@type":"WebSite","@id":"https:\/\/www.iptw.cz\/#website","name":"IPTW","url":"https:\/\/www.iptw.cz","potentialAction":{"@type":"SearchAction","target":"https:\/\/www.iptw.cz\/?s={search_term_string}","query-input":"required name=search_term_string"}}]