[{"@context":"https:\/\/schema.org\/","@type":"Blog","@id":"https:\/\/www.iptw.cz#Blog","headline":"IPTW","description":"\n\u010casto si \u0159\u00edk\u00e1te, \u017ee byste m\u011bli definitivn\u011b n\u011bco zm\u011bnit? Neda\u0159\u00ed se v\u00e1m v obchod\u011b tak, jak byste cht\u011bli? M\u011bli byste m\u00edt dobr\u00e9 PR, kter\u00e9 bude fungovat. My v\u00e1m zaru\u010dujeme \u00fasp\u011bch, tak se n\u00e1m sv\u011b\u0159te do p\u00e9\u010de.","url":"https:\/\/www.iptw.cz","hasPart":[{"@type":"Article","@id":"https:\/\/www.iptw.cz\/tanecni-podlozky-zabava-pro-deti-i-dospele\/","headline":"Tane\u010dn\u00ed podlo\u017eky: z\u00e1bava pro d\u011bti i dosp\u011bl\u00e9","url":"https:\/\/www.iptw.cz\/tanecni-podlozky-zabava-pro-deti-i-dospele\/","datePublished":"2025-02-24","dateModified":"2023-04-28","mainEntityOfPage":"https:\/\/www.iptw.cz\/tanecni-podlozky-zabava-pro-deti-i-dospele\/","author":{"@type":"Person","@id":"https:\/\/www.iptw.cz\/author\/#Person","name":"iptw.cz\n","url":"https:\/\/www.iptw.cz\/author\/","identifier":1,"image":{"@type":"ImageObject","@id":"https:\/\/secure.gravatar.com\/avatar\/25a824e14ead2d36aba24b918221841350fb41cea98048e9b1929df8c4bf4bd8?s=96&d=mm&r=g","url":"https:\/\/secure.gravatar.com\/avatar\/25a824e14ead2d36aba24b918221841350fb41cea98048e9b1929df8c4bf4bd8?s=96&d=mm&r=g","height":96,"width":96}},"publisher":{"@type":"Organization","name":"iptw.cz","logo":{"@type":"ImageObject","@id":"\/logo.png","url":"\/logo.png","width":600,"height":60}},"image":{"@type":"ImageObject","@id":"https:\/\/www.iptw.cz\/wp-content\/uploads\/img_a299079_w1953_t1509131270.png","url":"https:\/\/www.iptw.cz\/wp-content\/uploads\/img_a299079_w1953_t1509131270.png","height":0,"width":0},"wordCount":643,"keywords":null},{"@type":"Article","@id":"https:\/\/www.iptw.cz\/elektronicke-zamykani-dveri-chytrym-zamkem-je-jiz-bezne-dostupne\/","headline":"Elektronick\u00e9 zamyk\u00e1n\u00ed dve\u0159\u00ed chytr\u00fdm z\u00e1mkem je ji\u017e b\u011b\u017en\u011b dostupn\u00e9","url":"https:\/\/www.iptw.cz\/elektronicke-zamykani-dveri-chytrym-zamkem-je-jiz-bezne-dostupne\/","datePublished":"2025-02-24","dateModified":"2023-04-28","mainEntityOfPage":"https:\/\/www.iptw.cz\/elektronicke-zamykani-dveri-chytrym-zamkem-je-jiz-bezne-dostupne\/","author":{"@type":"Person","@id":"https:\/\/www.iptw.cz\/author\/#Person","name":"iptw.cz\n","url":"https:\/\/www.iptw.cz\/author\/","identifier":1,"image":{"@type":"ImageObject","@id":"https:\/\/secure.gravatar.com\/avatar\/25a824e14ead2d36aba24b918221841350fb41cea98048e9b1929df8c4bf4bd8?s=96&d=mm&r=g","url":"https:\/\/secure.gravatar.com\/avatar\/25a824e14ead2d36aba24b918221841350fb41cea98048e9b1929df8c4bf4bd8?s=96&d=mm&r=g","height":96,"width":96}},"publisher":{"@type":"Organization","name":"iptw.cz","logo":{"@type":"ImageObject","@id":"\/logo.png","url":"\/logo.png","width":600,"height":60}},"image":{"@type":"ImageObject","@id":"https:\/\/www.iptw.cz\/wp-content\/uploads\/img_a310554_w1953_t1521495873.jpg","url":"https:\/\/www.iptw.cz\/wp-content\/uploads\/img_a310554_w1953_t1521495873.jpg","height":0,"width":0},"wordCount":497,"keywords":null},{"@type":"Article","@id":"https:\/\/www.iptw.cz\/kam-s-detmi-o-prazdninach\/","headline":"Kam s d\u011btmi o pr\u00e1zdnin\u00e1ch","url":"https:\/\/www.iptw.cz\/kam-s-detmi-o-prazdninach\/","datePublished":"2025-02-24","dateModified":"2023-04-28","mainEntityOfPage":"https:\/\/www.iptw.cz\/kam-s-detmi-o-prazdninach\/","author":{"@type":"Person","@id":"https:\/\/www.iptw.cz\/author\/#Person","name":"iptw.cz\n","url":"https:\/\/www.iptw.cz\/author\/","identifier":1,"image":{"@type":"ImageObject","@id":"https:\/\/secure.gravatar.com\/avatar\/25a824e14ead2d36aba24b918221841350fb41cea98048e9b1929df8c4bf4bd8?s=96&d=mm&r=g","url":"https:\/\/secure.gravatar.com\/avatar\/25a824e14ead2d36aba24b918221841350fb41cea98048e9b1929df8c4bf4bd8?s=96&d=mm&r=g","height":96,"width":96}},"publisher":{"@type":"Organization","name":"iptw.cz","logo":{"@type":"ImageObject","@id":"\/logo.png","url":"\/logo.png","width":600,"height":60}},"image":{"@type":"ImageObject","@id":"https:\/\/www.iptw.cz\/wp-content\/uploads\/img_a301579_w1953_t1511688384.jpg","url":"https:\/\/www.iptw.cz\/wp-content\/uploads\/img_a301579_w1953_t1511688384.jpg","height":0,"width":0},"wordCount":2525,"keywords":null},{"@type":"Article","@id":"https:\/\/www.iptw.cz\/male-letni-festivaly-za-malo-penez-hodne-muziky\/","headline":"Mal\u00e9 letn\u00ed festivaly: za m\u00e1lo pen\u011bz hodn\u011b muziky","url":"https:\/\/www.iptw.cz\/male-letni-festivaly-za-malo-penez-hodne-muziky\/","datePublished":"2025-02-23","dateModified":"2023-04-28","mainEntityOfPage":"https:\/\/www.iptw.cz\/male-letni-festivaly-za-malo-penez-hodne-muziky\/","author":{"@type":"Person","@id":"https:\/\/www.iptw.cz\/author\/#Person","name":"iptw.cz\n","url":"https:\/\/www.iptw.cz\/author\/","identifier":1,"image":{"@type":"ImageObject","@id":"https:\/\/secure.gravatar.com\/avatar\/25a824e14ead2d36aba24b918221841350fb41cea98048e9b1929df8c4bf4bd8?s=96&d=mm&r=g","url":"https:\/\/secure.gravatar.com\/avatar\/25a824e14ead2d36aba24b918221841350fb41cea98048e9b1929df8c4bf4bd8?s=96&d=mm&r=g","height":96,"width":96}},"publisher":{"@type":"Organization","name":"iptw.cz","logo":{"@type":"ImageObject","@id":"\/logo.png","url":"\/logo.png","width":600,"height":60}},"image":{"@type":"ImageObject","@id":"https:\/\/www.iptw.cz\/wp-content\/uploads\/img_a299075_w1953_t1509132262.jpg","url":"https:\/\/www.iptw.cz\/wp-content\/uploads\/img_a299075_w1953_t1509132262.jpg","height":0,"width":0},"wordCount":691,"keywords":null},{"@type":"Article","@id":"https:\/\/www.iptw.cz\/jak-omezit-reklamu\/","headline":"Jak omezit reklamu","url":"https:\/\/www.iptw.cz\/jak-omezit-reklamu\/","datePublished":"2025-02-23","dateModified":"2023-04-28","mainEntityOfPage":"https:\/\/www.iptw.cz\/jak-omezit-reklamu\/","author":{"@type":"Person","@id":"https:\/\/www.iptw.cz\/author\/#Person","name":"iptw.cz\n","url":"https:\/\/www.iptw.cz\/author\/","identifier":1,"image":{"@type":"ImageObject","@id":"https:\/\/secure.gravatar.com\/avatar\/25a824e14ead2d36aba24b918221841350fb41cea98048e9b1929df8c4bf4bd8?s=96&d=mm&r=g","url":"https:\/\/secure.gravatar.com\/avatar\/25a824e14ead2d36aba24b918221841350fb41cea98048e9b1929df8c4bf4bd8?s=96&d=mm&r=g","height":96,"width":96}},"publisher":{"@type":"Organization","name":"iptw.cz","logo":{"@type":"ImageObject","@id":"\/logo.png","url":"\/logo.png","width":600,"height":60}},"image":{"@type":"ImageObject","@id":"https:\/\/www.iptw.cz\/wp-content\/uploads\/img_a302470_w1953_t1512393981.png","url":"https:\/\/www.iptw.cz\/wp-content\/uploads\/img_a302470_w1953_t1512393981.png","height":0,"width":0},"wordCount":517,"keywords":null},{"@type":"Article","@id":"https:\/\/www.iptw.cz\/chytre-telefony-potrebuji-ke-sve-praci-a-pro-pripojeni-k-internetu-radu-senzoru\/","headline":"Chytr\u00e9 telefony pot\u0159ebuj\u00ed ke sv\u00e9 pr\u00e1ci a pro p\u0159ipojen\u00ed k Internetu \u0159adu senzor\u016f","url":"https:\/\/www.iptw.cz\/chytre-telefony-potrebuji-ke-sve-praci-a-pro-pripojeni-k-internetu-radu-senzoru\/","datePublished":"2025-02-23","dateModified":"2023-04-28","mainEntityOfPage":"https:\/\/www.iptw.cz\/chytre-telefony-potrebuji-ke-sve-praci-a-pro-pripojeni-k-internetu-radu-senzoru\/","author":{"@type":"Person","@id":"https:\/\/www.iptw.cz\/author\/#Person","name":"iptw.cz\n","url":"https:\/\/www.iptw.cz\/author\/","identifier":1,"image":{"@type":"ImageObject","@id":"https:\/\/secure.gravatar.com\/avatar\/25a824e14ead2d36aba24b918221841350fb41cea98048e9b1929df8c4bf4bd8?s=96&d=mm&r=g","url":"https:\/\/secure.gravatar.com\/avatar\/25a824e14ead2d36aba24b918221841350fb41cea98048e9b1929df8c4bf4bd8?s=96&d=mm&r=g","height":96,"width":96}},"publisher":{"@type":"Organization","name":"iptw.cz","logo":{"@type":"ImageObject","@id":"\/logo.png","url":"\/logo.png","width":600,"height":60}},"image":{"@type":"ImageObject","@id":"https:\/\/www.iptw.cz\/wp-content\/uploads\/img_a311105_w1953_t1522053616.jpg","url":"https:\/\/www.iptw.cz\/wp-content\/uploads\/img_a311105_w1953_t1522053616.jpg","height":0,"width":0},"wordCount":493,"keywords":null},{"@type":"Article","@id":"https:\/\/www.iptw.cz\/varte-chutne-s-nejnovejsi-technikou\/","headline":"Va\u0159te chutn\u011b s nejnov\u011bj\u0161\u00ed technikou","url":"https:\/\/www.iptw.cz\/varte-chutne-s-nejnovejsi-technikou\/","datePublished":"2025-02-23","dateModified":"2023-04-28","mainEntityOfPage":"https:\/\/www.iptw.cz\/varte-chutne-s-nejnovejsi-technikou\/","author":{"@type":"Person","@id":"https:\/\/www.iptw.cz\/author\/#Person","name":"iptw.cz\n","url":"https:\/\/www.iptw.cz\/author\/","identifier":1,"image":{"@type":"ImageObject","@id":"https:\/\/secure.gravatar.com\/avatar\/25a824e14ead2d36aba24b918221841350fb41cea98048e9b1929df8c4bf4bd8?s=96&d=mm&r=g","url":"https:\/\/secure.gravatar.com\/avatar\/25a824e14ead2d36aba24b918221841350fb41cea98048e9b1929df8c4bf4bd8?s=96&d=mm&r=g","height":96,"width":96}},"publisher":{"@type":"Organization","name":"iptw.cz","logo":{"@type":"ImageObject","@id":"\/logo.png","url":"\/logo.png","width":600,"height":60}},"image":{"@type":"ImageObject","@id":"https:\/\/www.iptw.cz\/wp-content\/uploads\/img_a308407_w1953_t1519476049.jpg","url":"https:\/\/www.iptw.cz\/wp-content\/uploads\/img_a308407_w1953_t1519476049.jpg","height":0,"width":0},"wordCount":534,"keywords":null},{"@type":"Article","@id":"https:\/\/www.iptw.cz\/kavarensti-povaleci-a-jejich-raj-na-zemi\/","headline":"Kav\u00e1ren\u0161t\u00ed povale\u010di a jejich r\u00e1j na zemi","url":"https:\/\/www.iptw.cz\/kavarensti-povaleci-a-jejich-raj-na-zemi\/","datePublished":"2025-02-23","dateModified":"2023-04-28","mainEntityOfPage":"https:\/\/www.iptw.cz\/kavarensti-povaleci-a-jejich-raj-na-zemi\/","author":{"@type":"Person","@id":"https:\/\/www.iptw.cz\/author\/#Person","name":"iptw.cz\n","url":"https:\/\/www.iptw.cz\/author\/","identifier":1,"image":{"@type":"ImageObject","@id":"https:\/\/secure.gravatar.com\/avatar\/25a824e14ead2d36aba24b918221841350fb41cea98048e9b1929df8c4bf4bd8?s=96&d=mm&r=g","url":"https:\/\/secure.gravatar.com\/avatar\/25a824e14ead2d36aba24b918221841350fb41cea98048e9b1929df8c4bf4bd8?s=96&d=mm&r=g","height":96,"width":96}},"publisher":{"@type":"Organization","name":"iptw.cz","logo":{"@type":"ImageObject","@id":"\/logo.png","url":"\/logo.png","width":600,"height":60}},"image":{"@type":"ImageObject","@id":"https:\/\/www.iptw.cz\/wp-content\/uploads\/img_a308978_w1953_t1519989904.jpg","url":"https:\/\/www.iptw.cz\/wp-content\/uploads\/img_a308978_w1953_t1519989904.jpg","height":0,"width":0},"wordCount":571,"keywords":null},{"@type":"Article","@id":"https:\/\/www.iptw.cz\/masaz-pro-vase-miminko\/","headline":"Mas\u00e1\u017e pro va\u0161e miminko","url":"https:\/\/www.iptw.cz\/masaz-pro-vase-miminko\/","datePublished":"2025-02-23","dateModified":"2023-04-28","mainEntityOfPage":"https:\/\/www.iptw.cz\/masaz-pro-vase-miminko\/","author":{"@type":"Person","@id":"https:\/\/www.iptw.cz\/author\/#Person","name":"iptw.cz\n","url":"https:\/\/www.iptw.cz\/author\/","identifier":1,"image":{"@type":"ImageObject","@id":"https:\/\/secure.gravatar.com\/avatar\/25a824e14ead2d36aba24b918221841350fb41cea98048e9b1929df8c4bf4bd8?s=96&d=mm&r=g","url":"https:\/\/secure.gravatar.com\/avatar\/25a824e14ead2d36aba24b918221841350fb41cea98048e9b1929df8c4bf4bd8?s=96&d=mm&r=g","height":96,"width":96}},"publisher":{"@type":"Organization","name":"iptw.cz","logo":{"@type":"ImageObject","@id":"\/logo.png","url":"\/logo.png","width":600,"height":60}},"image":{"@type":"ImageObject","@id":"https:\/\/www.iptw.cz\/wp-content\/uploads\/img_a306078_w1953_t1517332536.jpg","url":"https:\/\/www.iptw.cz\/wp-content\/uploads\/img_a306078_w1953_t1517332536.jpg","height":0,"width":0},"wordCount":537,"keywords":null},{"@type":"Article","@id":"https:\/\/www.iptw.cz\/vlastni-pocitacova-sestava\/","headline":"Vlastn\u00ed po\u010d\u00edta\u010dov\u00e1 sestava","url":"https:\/\/www.iptw.cz\/vlastni-pocitacova-sestava\/","datePublished":"2025-02-23","dateModified":"2023-04-28","mainEntityOfPage":"https:\/\/www.iptw.cz\/vlastni-pocitacova-sestava\/","author":{"@type":"Person","@id":"https:\/\/www.iptw.cz\/author\/#Person","name":"iptw.cz\n","url":"https:\/\/www.iptw.cz\/author\/","identifier":1,"image":{"@type":"ImageObject","@id":"https:\/\/secure.gravatar.com\/avatar\/25a824e14ead2d36aba24b918221841350fb41cea98048e9b1929df8c4bf4bd8?s=96&d=mm&r=g","url":"https:\/\/secure.gravatar.com\/avatar\/25a824e14ead2d36aba24b918221841350fb41cea98048e9b1929df8c4bf4bd8?s=96&d=mm&r=g","height":96,"width":96}},"publisher":{"@type":"Organization","name":"iptw.cz","logo":{"@type":"ImageObject","@id":"\/logo.png","url":"\/logo.png","width":600,"height":60}},"image":{"@type":"ImageObject","@id":"https:\/\/www.iptw.cz\/wp-content\/uploads\/img_a303255_w1953_t1513544693.jpg","url":"https:\/\/www.iptw.cz\/wp-content\/uploads\/img_a303255_w1953_t1513544693.jpg","height":0,"width":0},"wordCount":491,"keywords":null}]},{"@context":"https:\/\/schema.org","@type":"WebSite","@id":"https:\/\/www.iptw.cz\/#website","name":"IPTW","url":"https:\/\/www.iptw.cz","potentialAction":{"@type":"SearchAction","target":"https:\/\/www.iptw.cz\/?s={search_term_string}","query-input":"required name=search_term_string"}}]