[{"@context":"https:\/\/schema.org\/","@type":"Article","@id":"https:\/\/www.iptw.cz\/vedeni-ucetnictvi\/#Article","mainEntityOfPage":"https:\/\/www.iptw.cz\/vedeni-ucetnictvi\/","headline":"Veden\u00ed \u00fa\u010detnictv\u00ed","name":"Veden\u00ed \u00fa\u010detnictv\u00ed","description":"Pokud m\u00e1te z\u00e1jem, aby Va\u0161e \u00fa\u010detnictv\u00ed vedla kvalitn\u00ed a transparentn\u00ed spole\u010dnost. Nav\u0161tivte na\u0161i firmu Alfa \u00fa\u010detn\u00ed. Krom veden\u00ed \u00fa\u010detnictv\u00ed naleznete v na\u0161em katalogu tak\u00e9 slu\u017eby, kter\u00e9 se t\u00fdkaj\u00ed da\u0148ov\u00e9 evidence nebo poradenstv\u00ed. Poradenstv\u00ed v z\u00e1kladn\u00edm bal\u00ed\u010dku nab\u00edz\u00edme troj\u00ed &#8211; \u00fa\u010detn\u00ed, ekonomick\u00e9 a organiza\u010dn\u00ed. Nemus\u00edte se b\u00e1t, \u017ee by na\u0161e spole\u010dnost Veden\u00ed \u00fa\u010detnictv\u00ed Va\u0161i firmy nezvl\u00e1dla. [&hellip;]","datePublished":"2025-04-21","dateModified":"2025-04-21","author":{"@type":"Person","@id":"https:\/\/www.iptw.cz\/author\/#Person","name":"iptw.cz\n","url":"https:\/\/www.iptw.cz\/author\/","identifier":1,"image":{"@type":"ImageObject","@id":"https:\/\/secure.gravatar.com\/avatar\/25a824e14ead2d36aba24b918221841350fb41cea98048e9b1929df8c4bf4bd8?s=96&d=mm&r=g","url":"https:\/\/secure.gravatar.com\/avatar\/25a824e14ead2d36aba24b918221841350fb41cea98048e9b1929df8c4bf4bd8?s=96&d=mm&r=g","height":96,"width":96}},"publisher":{"@type":"Organization","name":"iptw.cz","logo":{"@type":"ImageObject","@id":"\/logo.png","url":"\/logo.png","width":600,"height":60}},"url":"https:\/\/www.iptw.cz\/vedeni-ucetnictvi\/","wordCount":163,"articleBody":" Pokud m\u00e1te z\u00e1jem, aby Va\u0161e \u00fa\u010detnictv\u00ed vedla kvalitn\u00ed a transparentn\u00ed spole\u010dnost. Nav\u0161tivte na\u0161i firmu Alfa \u00fa\u010detn\u00ed. Krom veden\u00ed \u00fa\u010detnictv\u00ed naleznete v na\u0161em katalogu tak\u00e9 slu\u017eby, kter\u00e9 se t\u00fdkaj\u00ed da\u0148ov\u00e9 evidence nebo poradenstv\u00ed. Poradenstv\u00ed v z\u00e1kladn\u00edm bal\u00ed\u010dku nab\u00edz\u00edme troj\u00ed &#8211; \u00fa\u010detn\u00ed, ekonomick\u00e9 a organiza\u010dn\u00ed.Nemus\u00edte se b\u00e1t, \u017ee by na\u0161e spole\u010dnost Veden\u00ed \u00fa\u010detnictv\u00ed Va\u0161i firmy nezvl\u00e1dla. Veden\u00ed \u00fa\u010detnictv\u00ed u n\u00e1s prov\u00e1d\u00ed jedni z nejlep\u0161\u00edch odborn\u00edk\u016f ve sv\u00fdch oborech. Mnoho spole\u010dnost\u00ed se na n\u00e1s spol\u00e9h\u00e1 tak\u00e9 p\u0159i p\u0159\u00edprav\u011b mezd, veden\u00ed agendy personalistiky \u010di p\u0159\u00edprav\u011b dan\u00ed z p\u0159\u00edjm\u016f. M\u00e1me mnoho klient\u016f a ti jsou s na\u0161\u00ed prac\u00ed v\u00edce ne\u017e spokojen\u00ed.N\u00edzk\u00e9 cenyNa\u0161e ceny jsou n\u00edzk\u00e9. A to i p\u0159esto, \u017ee s\u00eddl\u00edme v Praze. Chceme, aby si na\u0161e slu\u017eby mohl dovolit ka\u017ed\u00fd.                                                                                                                                                                                                                                                                                                                                                                                                "},{"@context":"https:\/\/schema.org\/","@type":"BreadcrumbList","itemListElement":[{"@type":"ListItem","position":1,"name":"Veden\u00ed \u00fa\u010detnictv\u00ed","item":"https:\/\/www.iptw.cz\/vedeni-ucetnictvi\/#breadcrumbitem"}]}]